{"id":7904,"date":"2025-12-08T14:38:36","date_gmt":"2025-12-08T14:38:36","guid":{"rendered":"https:\/\/tinykiwi.house\/?p=7904"},"modified":"2025-12-09T07:30:24","modified_gmt":"2025-12-09T07:30:24","slug":"fatada-ventilata-la-tiny-house-necesitate-nu-optiune","status":"publish","type":"post","link":"https:\/\/tinykiwi.house\/en\/fatada-ventilata-la-tiny-house-necesitate-nu-optiune\/","title":{"rendered":"Fa\u021bada ventilat\u0103 la tiny house: necesitate, nu op\u021biune"},"content":{"rendered":"<div style=\"height:200px\" aria-hidden=\"true\" class=\"wp-block-spacer\"><\/div>\n\n\n\n<div class=\"wp-block-uagb-container uagb-block-e8594e34 alignfull uagb-is-root-container\"><div class=\"uagb-container-inner-blocks-wrap\">\n<div class=\"wp-block-uagb-advanced-heading uagb-block-5d1fe942\"><h1 class=\"uagb-heading-text\">Fa\u021bada ventilat\u0103 la tiny house: necesitate, nu op\u021biune<\/h1><\/div>\n<\/div><\/div>\n\n\n\n<div class=\"wp-block-uagb-container uagb-block-fba8749e alignwide uagb-is-root-container\">\n<div class=\"wp-block-uagb-image uagb-block-777c367b wp-block-uagb-image--layout-default wp-block-uagb-image--effect-static wp-block-uagb-image--align-none\"><figure class=\"wp-block-uagb-image__figure\"><img decoding=\"async\" srcset=\"https:\/\/tinykiwi.house\/wp-content\/uploads\/2025\/12\/fatade-ventilate-detaliu-TinyKiwi.house_.webp ,https:\/\/tinykiwi.house\/wp-content\/uploads\/2025\/12\/fatade-ventilate-detaliu-TinyKiwi.house_.webp 780w, https:\/\/tinykiwi.house\/wp-content\/uploads\/2025\/12\/fatade-ventilate-detaliu-TinyKiwi.house_.webp 360w\" sizes=\"(max-width: 480px) 150px\" src=\"https:\/\/tinykiwi.house\/wp-content\/uploads\/2025\/12\/fatade-ventilate-detaliu-TinyKiwi.house_.webp\" alt=\"Fatada ventilata la tiny house\" class=\"uag-image-7906\" width=\"800\" height=\"533\" title=\"fatade ventilate detaliu TinyKiwi.house\" role=\"img\"\/><\/figure><\/div>\n\n\n\n<p><strong>Fa\u021bada ventilat\u0103 este elementul esen\u021bial care men\u021bine tiny house-ul uscat, stabil \u0219i eficient din punct de vedere energetic.<\/strong> Prin crearea unui spa\u021biu de aer \u00eentre peretele structural \u0219i placarea exterioar\u0103, aerul circul\u0103 natural, prevenind condensul, umezeala \u0219i degradarea lemnului. \u00cen acest articol explic\u0103m cum func\u021bioneaz\u0103 fa\u021badele ventilate, de ce sunt obligatorii la tiny house-uri \u0219i ce se \u00eent\u00e2mpl\u0103 c\u00e2nd sunt prost executate.<\/p>\n\n\n\n<div class=\"wp-block-uagb-advanced-heading uagb-block-3c6adee4\"><h2 class=\"uagb-heading-text\">Ce este o fa\u021bad\u0103 ventilat\u0103 \u0219i cum func\u021bioneaz\u0103?<\/h2><\/div>\n\n\n\n<p>O fa\u021bad\u0103 ventilat\u0103 este o <strong>solu\u021bie constructiv\u0103<\/strong> ce const\u0103 \u00eentr-o <strong>placare exterioar\u0103<\/strong> ancorat\u0103 de peretele exterior al casei, cu intercalarea unui <strong>spa\u021biu de ventila\u021bie<\/strong> ce permite aerului s\u0103 circule natural de jos \u00een sus.<\/p>\n\n\n\n<p>Concret, o fa\u021bad\u0103 ventilat\u0103 e format\u0103 din<strong> patru elemente<\/strong>:<\/p>\n\n\n\n<ul style=\"margin-right:0;margin-left:0;padding-top:0;padding-right:var(--wp--preset--spacing--30);padding-bottom:0;padding-left:var(--wp--preset--spacing--30)\" class=\"wp-block-list\">\n<li>Peretele structural<\/li>\n\n\n\n<li>Folie anticondens \u2013 o membran\u0103 permeabil\u0103 la vapori, dar rezistent\u0103 la v\u00e2nt \u0219i ploaie<\/li>\n\n\n\n<li>\u0218ipci distan\u021biere ce determin\u0103 l\u0103\u021bimea spa\u021biului de ventila\u021bie<\/li>\n\n\n\n<li>Placarea exterioar\u0103 \u2013 \u00een cazul tiny house-urilor noastre, din lemn termotratat, certificat.<\/li>\n<\/ul>\n\n\n\n<div class=\"wp-block-uagb-advanced-heading uagb-block-a0906bbf\"><h2 class=\"uagb-heading-text\">Ce rol are fa\u021bada ventilat\u0103 pentru tiny house?<\/h2><\/div>\n\n\n\n<p class=\"has-ast-global-color-7-background-color has-background\">Fa\u021bada ventilat\u0103 adaugat\u0103 la tiny house are rolul de a men\u021bine usca\u021bi \u0219i stabili termic pere\u021bii, permi\u021b\u00e2nd umezelii din exterior s\u0103 fie evacuat\u0103 prin circula\u021bia natural\u0103 a aerului, datorit\u0103 cavit\u0103\u021bii de ventila\u021bie.<\/p>\n\n\n\n<div class=\"wp-block-uagb-advanced-heading uagb-block-49d53dc7\"><h2 class=\"uagb-heading-text\">Avantajele unui tiny house cu fa\u021bad\u0103 ventilat\u0103<\/h2><\/div>\n\n\n\n<p>Fa\u021bada ventilat\u0103 nu este doar un \u201estrat\u201d \u00een plus, ci un <strong>sistem complet<\/strong> care <strong>protejeaz\u0103 <\/strong>\u0219i <strong>optimizeaz\u0103 <\/strong>performan\u021ba casei pe termen lung. <strong>Beneficiile <\/strong>sunt cumulative \u0219i au <strong>impact direct asupra confortului, costurilor de \u00eentre\u021binere \u0219i durabilit\u0103\u021bii construc\u021biei.<\/strong><\/p>\n\n\n\n<ul style=\"margin-right:0;margin-left:0;padding-top:0;padding-right:var(--wp--preset--spacing--30);padding-bottom:0;padding-left:var(--wp--preset--spacing--30)\" class=\"wp-block-list\">\n<li><strong>Protec\u021bie superioar\u0103 \u00eempotriva factorilor de mediu<\/strong> (ap\u0103, v\u00e2nt) -&gt; creeaz\u0103 o zon\u0103 tampon \u00eentre peretele casei \u0219i mediul exterior. Beneficii: \n<ul class=\"wp-block-list\">\n<li>Apa de ploaie este drenat\u0103 eficient, f\u0103r\u0103 a ajunge la structura de lemn.<\/li>\n\n\n\n<li>V\u00e2ntul este \u201erupt\u201d de placarea exterioar\u0103, reduc\u00e2nd presiunea exercitat\u0103 asupra peretelui structural.<\/li>\n\n\n\n<li>Protec\u021bie solid\u0103 \u00eempotriva efectelor soarelui puternic, \u00eenghe\u021b\u2013dezghe\u021b, z\u0103pezii \u0219i varia\u021biilor rapide de temperatur\u0103.<\/li>\n<\/ul>\n<\/li>\n\n\n\n<li><strong>Circula\u021bie natural\u0103 a aerului \u0219i evacuarea rapid\u0103 a apei<\/strong> -&gt; Spa\u021biul de ventila\u021bie creeaz\u0103 o <strong>mi\u0219care natural\u0103 a aerului<\/strong> (efectul co\u0219ului de fum): aerul intr\u0103 prin partea de jos, se \u00eenc\u0103lze\u0219te, urc\u0103 \u0219i iese prin partea superioar\u0103. Acest flux asigur\u0103:\n<ul class=\"wp-block-list\">\n<li><strong>Evacuarea vaporilor de ap\u0103<\/strong> proveni\u021bi din exterior sau forma\u021bi prin condens pe spatele plac\u0103rii.<\/li>\n\n\n\n<li><strong>Uscare rapid\u0103<\/strong> dup\u0103 ploaie sau umiditate ridicat\u0103.<\/li>\n\n\n\n<li><strong>Prevenirea acumul\u0103rii de ap\u0103<\/strong> \u00een zone critice ale peretelui.<\/li>\n\n\n\n<li>Rezultatul? O structur\u0103 <strong>uscat\u0103, stabil\u0103 \u0219i sigur\u0103<\/strong>.<\/li>\n<\/ul>\n<\/li>\n\n\n\n<li>Performan\u021b\u0103 <strong>termoacustic\u0103<\/strong> -&gt; Stratificarea suplimentar\u0103 (placare + gol de ventilare + perete structural) atenueaz\u0103 sunetele exterioare.<\/li>\n\n\n\n<li><strong>Randament energetic crescut<\/strong> -&gt; O fa\u021bad\u0103 ventilat\u0103:\n<ul class=\"wp-block-list\">\n<li>men\u021bine termoizola\u021bia uscat\u0103 \u2192 o izola\u021bie ud\u0103 \u00ee\u0219i poate pierde p\u00e2n\u0103 la 40% din capacitatea de izolare<sup data-fn=\"cc4c0d4a-9f47-4144-bd3c-710b1433d5e4\" class=\"fn\"><a href=\"#cc4c0d4a-9f47-4144-bd3c-710b1433d5e4\" id=\"cc4c0d4a-9f47-4144-bd3c-710b1433d5e4-link\">1<\/a><\/sup>;<\/li>\n\n\n\n<li>reduce suprasolicitarea sistemului de climatizare \u0219i \u00eenc\u0103lzire -&gt; economii la energie de p\u00e2n\u0103 la 20%<sup data-fn=\"d8380bf1-a28c-4c22-a524-f9de7560422c\" class=\"fn\"><a href=\"#d8380bf1-a28c-4c22-a524-f9de7560422c\" id=\"d8380bf1-a28c-4c22-a524-f9de7560422c-link\">2<\/a><\/sup><\/li>\n\n\n\n<li>limiteaz\u0103 pun\u021bile termice prin aportul uniform al fluxului de aer.<\/li>\n\n\n\n<li>Cu alte cuvinte, fa\u021bada ventilat\u0103 nu este ea \u00eens\u0103\u0219i \u201eizola\u021bie\u201d, dar \u00eembun\u0103t\u0103\u021be\u0219te modul \u00een care func\u021bioneaz\u0103 toate celelalte straturi, ceea ce duce la o <strong>performan\u021b\u0103 energetic\u0103 global\u0103 mai bun\u0103<\/strong>.<\/li>\n<\/ul>\n<\/li>\n\n\n\n<li><strong>\u00centre\u021binere <\/strong>mai ieftin\u0103 \u0219i mai rare interven\u021bii -&gt; Pentru c\u0103 peretele r\u0103m\u00e2ne uscat, apar:\n<ul class=\"wp-block-list\">\n<li>mai pu\u021bine deform\u0103ri ale lemnului;<\/li>\n\n\n\n<li>mai pu\u021bine probleme cu vopseaua, lacurile sau uleiurile;<\/li>\n\n\n\n<li>via\u021b\u0103 mult mai lung\u0103 pentru placarea exterioar\u0103.<\/li>\n<\/ul>\n<\/li>\n\n\n\n<li><strong>Durabilitate <\/strong>crescut\u0103 a \u00eentregii construc\u021bii -&gt; Umiditatea este principala cauz\u0103 de degradare a structurilor din lemn. Fa\u021bada ventilat\u0103:\n<ul class=\"wp-block-list\">\n<li><strong>previne apari\u021bia<\/strong> <strong>mucegaiului<\/strong> \u00een structur\u0103;<\/li>\n\n\n\n<li>reduce riscul de <strong>putrezire<\/strong> a elementelor structurale;<\/li>\n\n\n\n<li>stabilizeaz\u0103 performan\u021ba termoizola\u021biei \u00een timp (izola\u021bia umed\u0103 \u00ee\u0219i pierde capacitatea). <\/li>\n<\/ul>\n<\/li>\n<\/ul>\n\n\n\n<p class=\"has-ast-global-color-7-background-color has-background\">Pe termen lung, fa\u021bada ventilat\u0103 este una dintre cele mai eficiente investi\u021bii pentru s\u0103n\u0103tatea construc\u021biei.<\/p>\n\n\n\n<div class=\"wp-block-uagb-advanced-heading uagb-block-00c62678\"><h2 class=\"uagb-heading-text\">De ce fa\u021bada ventilat\u0103 la tiny house e esen\u021bial\u0103?<\/h2><\/div>\n\n\n\n<p>Pentru c\u0103 \u00eentr-un spa\u021biu mic, orice dezechilibru de umiditate poate afecta rapid \u0219i direct confortul, structura, siguran\u021ba locuin\u021bei.<\/p>\n\n\n\n<p>Fa\u021bada ventilat\u0103 men\u021bine exteriorul s\u0103n\u0103tos: evacueaz\u0103 natural umezeala, previne inflitrarea apei \u00een structur\u0103, protejeaz\u0103 termoizola\u021bia \u0219i stabilizeaz\u0103 temperatura pere\u021bilor. La interior, ventilatorul cu recuperare de c\u0103ldur\u0103 elimin\u0103 vaporii produ\u0219i prin g\u0103tit, du\u0219, respira\u021bie, f\u0103r\u0103 a pierde energie.<\/p>\n\n\n\n<p class=\"has-ast-global-color-7-background-color has-background\">\u00cempreun\u0103, cele dou\u0103 sisteme formeaz\u0103 o echip\u0103:<br><strong>fa\u021bada ventilat\u0103 usuc\u0103 peretele pe dinafar\u0103, ventilatorul cu recuperare \u00eel p\u0103streaz\u0103 uscat pe din\u0103untru.<\/strong><\/p>\n\n\n\n<p class=\"has-ast-global-color-7-background-color has-background\"><em>Fa\u021bada ventilat\u0103 este cea mai func\u021bional\u0103 solu\u021bie pentru protec\u021bia \u0219i eficien\u021ba energetic\u0103 a cl\u0103dirilor.<\/em><\/p>\n\n\n\n<div class=\"wp-block-uagb-advanced-heading uagb-block-d10232b9\"><h2 class=\"uagb-heading-text\">Ce se \u00eent\u00e2mpl\u0103 c\u00e2nd NU ai fa\u021bad\u0103 ventilat\u0103 la tiny house?<\/h2><\/div>\n\n\n\n<p>F\u0103r\u0103 un spa\u021biu de ventilare \u00eentre perete \u0219i placare, apar rapid probleme structurale \u0219i de confort:<\/p>\n\n\n\n<ul style=\"margin-right:0;margin-left:0;padding-top:0;padding-right:var(--wp--preset--spacing--30);padding-bottom:0;padding-left:var(--wp--preset--spacing--30)\" class=\"wp-block-list\">\n<li><strong>Umezeala r\u0103m\u00e2ne blocat\u0103<\/strong> \u00een spatele plac\u0103rii \u0219i \u00een termoizola\u021bie.<\/li>\n\n\n\n<li><strong>Apare condensul<\/strong> pe suprafe\u021bele reci ale peretelui exterior.<\/li>\n\n\n\n<li><strong>Termoizola\u021bia \u00ee\u0219i pierde eficien\u021ba<\/strong>, uneori chiar cu 30\u201340%.<\/li>\n\n\n\n<li><strong>Lemnul se degradeaz\u0103 accelerat<\/strong>: umflare, fisuri, mucegai, putrezire.<\/li>\n\n\n\n<li><strong>Placarea se deterioreaz\u0103<\/strong> mai repede din cauza ciclurilor umed\u2013uscat.<\/li>\n\n\n\n<li><strong>Temperatura interioar\u0103 fluctueaz\u0103<\/strong> mai mult, cre\u0219te consumul energetic.<\/li>\n\n\n\n<li><strong>Riscul de mucegai invizibil \u00een perete<\/strong> cre\u0219te semnificativ.<\/li>\n\n\n\n<li><strong>Durata de via\u021b\u0103 a construc\u021biei scade<\/strong>, uneori cu ani buni.<\/li>\n<\/ul>\n\n\n\n<div class=\"wp-block-uagb-advanced-heading uagb-block-653ae503\"><h2 class=\"uagb-heading-text\">Ce se \u00eent\u00e2mpl\u0103 c\u00e2nd fa\u021bada ventilat\u0103 la tiny house e prost executat\u0103?<\/h2><\/div>\n\n\n\n<p>Randamentul \u00eentregului sistem scade drastic. Performan\u021ba unei fa\u021bade ventilate depinde <strong>extrem de mult de calitatea execu\u021biei<\/strong>: aerisirea corect\u0103, izola\u021bia, prinderile \u0219i finisajele trebuie realizate cu precizie.<\/p>\n\n\n\n<p>O fa\u021bad\u0103 ventilat\u0103 prost f\u0103cut\u0103 poate s\u0103 nu aduc\u0103 <strong>niciun beneficiu real<\/strong><sup data-fn=\"ff180c1c-f4fb-4700-ad78-0fe9288be5b6\" class=\"fn\"><a href=\"#ff180c1c-f4fb-4700-ad78-0fe9288be5b6\" id=\"ff180c1c-f4fb-4700-ad78-0fe9288be5b6-link\">3<\/a><\/sup>.<\/p>\n\n\n\n<p class=\"has-ast-global-color-7-background-color has-background\">De aceea, la achizi\u021bia unui tiny house, <strong>nici pre\u021bul, nici promisiunile de marketing nu garanteaz\u0103 calitatea<\/strong>. Singurul criteriu de siguran\u021b\u0103 este <strong>profesionalismul proiectantului, al constructorului<\/strong> \u0219i respectarea detaliilor tehnice esen\u021biale.<\/p>\n\n\n\n<div class=\"wp-block-uagb-advanced-heading uagb-block-de895814\"><h2 class=\"uagb-heading-text\">Concluzie<\/h2><\/div>\n\n\n\n<p>Fa\u021bada ventilat\u0103 la tiny house nu e un \u201eextra\u201d. Este elementul care men\u021bine tiny house-ul <strong>uscat, stabil \u0219i eficient<\/strong> \u00een orice sezon si \u00een orice climat. F\u0103r\u0103 ea, lemnul acumuleaz\u0103 umiditate, pierderile de energie cresc, iar durata de via\u021b\u0103 a construc\u021biei scade.<\/p>\n\n\n\n<p class=\"has-ast-global-color-7-background-color has-background\">Cu fa\u021bad\u0103 ventilat\u0103 + <a href=\"https:\/\/tinykiwi.house\/en\/ventilatia-cu-recuperare-de-caldura-tiny-house\/\"><mark style=\"background-color:rgba(0, 0, 0, 0)\" class=\"has-inline-color has-ast-global-color-0-color\">ventila\u021bie cu recuperare de c\u0103ldur\u0103<\/mark><\/a>, tiny house-ul func\u021bioneaz\u0103 ca un sistem coerent: <strong>exteriorul r\u0103m\u00e2ne uscat, interiorul r\u0103m\u00e2ne s\u0103n\u0103tos<\/strong>, iar confortul e constant.<\/p>\n\n\n\n<p>De asta spunem clar: fa\u021bada ventilat\u0103 la<a href=\"https:\/\/tinykiwi.house\/en\/tiny-houses\/\" data-type=\"page\" data-id=\"495\"><mark style=\"background-color:rgba(0, 0, 0, 0)\" class=\"has-inline-color has-ast-global-color-0-color\"> tiny house<\/mark><\/a> este <strong>esen\u021bial\u0103, nu op\u021bional\u0103<\/strong>.<\/p>\n\n\n\n<p>Vrei detalii tehnice sau vrei s\u0103 \u00een\u021belegi exact ce prime\u0219ti c\u00e2nd cumperi un tiny house premium?<br><strong><a href=\"https:\/\/tinykiwi.house\/en\/contact\/\" data-type=\"page\" data-id=\"501\"><mark style=\"background-color:rgba(0, 0, 0, 0)\" class=\"has-inline-color has-ast-global-color-0-color\">Scrie-ne sau sun\u0103-ne<\/mark><\/a> \u2014 \u00ee\u021bi explic\u0103m tot ce trebuie s\u0103 \u0219tii ca s\u0103 faci o alegere informat\u0103 \u0219i sigur\u0103.<\/strong><\/p>\n<\/div>\n\n\n<ol class=\"wp-block-footnotes\"><li id=\"cc4c0d4a-9f47-4144-bd3c-710b1433d5e4\"><a href=\"https:\/\/reference-global.com\/article\/10.2478\/sgem-2021-0014\" target=\"_blank\" rel=\"noopener\">https:\/\/reference-global.com\/article\/10.2478\/sgem-2021-0014<\/a> <a href=\"#cc4c0d4a-9f47-4144-bd3c-710b1433d5e4-link\" aria-label=\"Jump to footnote reference 1\">\u21a9\ufe0e<\/a><\/li><li id=\"d8380bf1-a28c-4c22-a524-f9de7560422c\"><a href=\"https:\/\/imolatecnica.it\/\" data-type=\"link\" data-id=\"https:\/\/imolatecnica.it\/\" target=\"_blank\" rel=\"noopener\">imolatecnica.it<\/a> <a href=\"#d8380bf1-a28c-4c22-a524-f9de7560422c-link\" aria-label=\"Jump to footnote reference 2\">\u21a9\ufe0e<\/a><\/li><li id=\"ff180c1c-f4fb-4700-ad78-0fe9288be5b6\"><a href=\"https:\/\/reference-global.com\/article\/10.2478\/sgem-2021-0014\" target=\"_blank\" rel=\"noopener\">https:\/\/reference-global.com\/article\/10.2478\/sgem-2021-0014<\/a> <a href=\"#ff180c1c-f4fb-4700-ad78-0fe9288be5b6-link\" aria-label=\"Jump to footnote reference 3\">\u21a9\ufe0e<\/a><\/li><\/ol>\n\n\n<p><\/p>","protected":false},"excerpt":{"rendered":"<p>Fa\u021bada ventilat\u0103 la tiny house: necesitate, nu op\u021biune Fa\u021bada ventilat\u0103 este elementul esen\u021bial care men\u021bine tiny house-ul uscat, stabil \u0219i eficient din punct de vedere energetic. Prin crearea unui spa\u021biu [&hellip;]<\/p>\n","protected":false},"author":1,"featured_media":7906,"comment_status":"open","ping_status":"open","sticky":false,"template":"","format":"standard","meta":{"_uag_custom_page_level_css":"","site-sidebar-layout":"no-sidebar","site-content-layout":"","ast-site-content-layout":"default","site-content-style":"default","site-sidebar-style":"default","ast-global-header-display":"","ast-banner-title-visibility":"","ast-main-header-display":"","ast-hfb-above-header-display":"","ast-hfb-below-header-display":"","ast-hfb-mobile-header-display":"","site-post-title":"disabled","ast-breadcrumbs-content":"","ast-featured-img":"","footer-sml-layout":"","ast-disable-related-posts":"","theme-transparent-header-meta":"enabled","adv-header-id-meta":"","stick-header-meta":"","header-above-stick-meta":"","header-main-stick-meta":"","header-below-stick-meta":"","astra-migrate-meta-layouts":"set","ast-page-background-enabled":"default","ast-page-background-meta":{"desktop":{"background-color":"var(--ast-global-color-4)","background-image":"","background-repeat":"repeat","background-position":"center center","background-size":"auto","background-attachment":"scroll","background-type":"","background-media":"","overlay-type":"","overlay-color":"","overlay-opacity":"","overlay-gradient":""},"tablet":{"background-color":"","background-image":"","background-repeat":"repeat","background-position":"center center","background-size":"auto","background-attachment":"scroll","background-type":"","background-media":"","overlay-type":"","overlay-color":"","overlay-opacity":"","overlay-gradient":""},"mobile":{"background-color":"","background-image":"","background-repeat":"repeat","background-position":"center center","background-size":"auto","background-attachment":"scroll","background-type":"","background-media":"","overlay-type":"","overlay-color":"","overlay-opacity":"","overlay-gradient":""}},"ast-content-background-meta":{"desktop":{"background-color":"var(--ast-global-color-5)","background-image":"","background-repeat":"repeat","background-position":"center center","background-size":"auto","background-attachment":"scroll","background-type":"","background-media":"","overlay-type":"","overlay-color":"","overlay-opacity":"","overlay-gradient":""},"tablet":{"background-color":"var(--ast-global-color-5)","background-image":"","background-repeat":"repeat","background-position":"center center","background-size":"auto","background-attachment":"scroll","background-type":"","background-media":"","overlay-type":"","overlay-color":"","overlay-opacity":"","overlay-gradient":""},"mobile":{"background-color":"var(--ast-global-color-5)","background-image":"","background-repeat":"repeat","background-position":"center center","background-size":"auto","background-attachment":"scroll","background-type":"","background-media":"","overlay-type":"","overlay-color":"","overlay-opacity":"","overlay-gradient":""}},"footnotes":"[{\"content\":\"<a href=\\\"https:\/\/reference-global.com\/article\/10.2478\/sgem-2021-0014\\\">https:\/\/reference-global.com\/article\/10.2478\/sgem-2021-0014<\/a>\",\"id\":\"cc4c0d4a-9f47-4144-bd3c-710b1433d5e4\"},{\"content\":\"<a href=\\\"https:\/\/imolatecnica.it\/\\\" data-type=\\\"link\\\" data-id=\\\"https:\/\/imolatecnica.it\/\\\">imolatecnica.it<\/a>\",\"id\":\"d8380bf1-a28c-4c22-a524-f9de7560422c\"},{\"content\":\"<a href=\\\"https:\/\/reference-global.com\/article\/10.2478\/sgem-2021-0014\\\">https:\/\/reference-global.com\/article\/10.2478\/sgem-2021-0014<\/a>\",\"id\":\"ff180c1c-f4fb-4700-ad78-0fe9288be5b6\"}]"},"categories":[1],"tags":[],"class_list":["post-7904","post","type-post","status-publish","format-standard","has-post-thumbnail","hentry","category-uncategorized"],"uagb_featured_image_src":{"full":["https:\/\/tinykiwi.house\/wp-content\/uploads\/2025\/12\/fatade-ventilate-detaliu-TinyKiwi.house_.webp",800,533,false],"thumbnail":["https:\/\/tinykiwi.house\/wp-content\/uploads\/2025\/12\/fatade-ventilate-detaliu-TinyKiwi.house_-150x150.webp",150,150,true],"medium":["https:\/\/tinykiwi.house\/wp-content\/uploads\/2025\/12\/fatade-ventilate-detaliu-TinyKiwi.house_-300x200.webp",300,200,true],"medium_large":["https:\/\/tinykiwi.house\/wp-content\/uploads\/2025\/12\/fatade-ventilate-detaliu-TinyKiwi.house_-768x512.webp",768,512,true],"large":["https:\/\/tinykiwi.house\/wp-content\/uploads\/2025\/12\/fatade-ventilate-detaliu-TinyKiwi.house_.webp",800,533,false],"1536x1536":["https:\/\/tinykiwi.house\/wp-content\/uploads\/2025\/12\/fatade-ventilate-detaliu-TinyKiwi.house_.webp",800,533,false],"2048x2048":["https:\/\/tinykiwi.house\/wp-content\/uploads\/2025\/12\/fatade-ventilate-detaliu-TinyKiwi.house_.webp",800,533,false],"trp-custom-language-flag":["https:\/\/tinykiwi.house\/wp-content\/uploads\/2025\/12\/fatade-ventilate-detaliu-TinyKiwi.house_-18x12.webp",18,12,true]},"uagb_author_info":{"display_name":"Cosmina","author_link":"https:\/\/tinykiwi.house\/en\/author\/cosmina-rizeagmail-com\/"},"uagb_comment_info":13,"uagb_excerpt":"Fa\u021bada ventilat\u0103 la tiny house: necesitate, nu op\u021biune Fa\u021bada ventilat\u0103 este elementul esen\u021bial care men\u021bine tiny house-ul uscat, stabil \u0219i eficient din punct de vedere energetic. Prin crearea unui spa\u021biu [&hellip;]","_links":{"self":[{"href":"https:\/\/tinykiwi.house\/en\/wp-json\/wp\/v2\/posts\/7904","targetHints":{"allow":["GET"]}}],"collection":[{"href":"https:\/\/tinykiwi.house\/en\/wp-json\/wp\/v2\/posts"}],"about":[{"href":"https:\/\/tinykiwi.house\/en\/wp-json\/wp\/v2\/types\/post"}],"author":[{"embeddable":true,"href":"https:\/\/tinykiwi.house\/en\/wp-json\/wp\/v2\/users\/1"}],"replies":[{"embeddable":true,"href":"https:\/\/tinykiwi.house\/en\/wp-json\/wp\/v2\/comments?post=7904"}],"version-history":[{"count":20,"href":"https:\/\/tinykiwi.house\/en\/wp-json\/wp\/v2\/posts\/7904\/revisions"}],"predecessor-version":[{"id":7926,"href":"https:\/\/tinykiwi.house\/en\/wp-json\/wp\/v2\/posts\/7904\/revisions\/7926"}],"wp:featuredmedia":[{"embeddable":true,"href":"https:\/\/tinykiwi.house\/en\/wp-json\/wp\/v2\/media\/7906"}],"wp:attachment":[{"href":"https:\/\/tinykiwi.house\/en\/wp-json\/wp\/v2\/media?parent=7904"}],"wp:term":[{"taxonomy":"category","embeddable":true,"href":"https:\/\/tinykiwi.house\/en\/wp-json\/wp\/v2\/categories?post=7904"},{"taxonomy":"post_tag","embeddable":true,"href":"https:\/\/tinykiwi.house\/en\/wp-json\/wp\/v2\/tags?post=7904"}],"curies":[{"name":"wp","href":"https:\/\/api.w.org\/{rel}","templated":true}]}}